{"id":4730,"date":"2022-04-01T09:09:05","date_gmt":"2022-04-01T07:09:05","guid":{"rendered":""},"modified":"2022-04-01T09:09:07","modified_gmt":"2022-04-01T07:09:07","slug":"escursione-aziendale-allhochfeiler","status":"publish","type":"post","link":"https:\/\/www.garten-winkler.it\/it\/escursione-aziendale-allhochfeiler\/","title":{"rendered":"Escursione aziendale all&#8217;Hochfeiler"},"content":{"rendered":"\n<style type=\"text\/css\" data-created_by=\"avia_inline_auto\" id=\"style-css-av-l09swr4x-e6811c076c1219d5fcfff4ce69dff1e9\">\n#top .av-special-heading.av-l09swr4x-e6811c076c1219d5fcfff4ce69dff1e9{\npadding-bottom:10px;\n}\nbody .av-special-heading.av-l09swr4x-e6811c076c1219d5fcfff4ce69dff1e9 .av-special-heading-tag .heading-char{\nfont-size:25px;\n}\n.av-special-heading.av-l09swr4x-e6811c076c1219d5fcfff4ce69dff1e9 .av-subheading{\nfont-size:15px;\n}\n<\/style>\n<div  class='av-special-heading av-l09swr4x-e6811c076c1219d5fcfff4ce69dff1e9 av-special-heading-h1  avia-builder-el-0  el_before_av_three_fifth  avia-builder-el-first '><h1 class='av-special-heading-tag'  itemprop=\"headline\"  >Escursione aziendale all\u2019Hochfeiler<\/h1><div class=\"special-heading-border\"><div class=\"special-heading-inner-border\"><\/div><\/div><\/div>\n<div class='flex_column av-9jo37t-be15e1e8650b033597f1dceb8235abbe av_three_fifth  avia-builder-el-1  el_after_av_heading  el_before_av_slideshow_full  avia-builder-el-last  first flex_column_div '     ><style type=\"text\/css\" data-created_by=\"avia_inline_auto\" id=\"style-css-av-l09t4fgg-08c7f0b38070d62bd47036d7bc3bea30\">\n#top .av_textblock_section.av-l09t4fgg-08c7f0b38070d62bd47036d7bc3bea30 .avia_textblock{\nfont-size:18px;\ncolor:#000000;\n}\n<\/style>\n<section  class='av_textblock_section av-l09t4fgg-08c7f0b38070d62bd47036d7bc3bea30'  itemscope=\"itemscope\" itemtype=\"https:\/\/schema.org\/BlogPosting\" itemprop=\"blogPost\" ><div class='avia_textblock av_inherit_color'  itemprop=\"text\" ><p><strong><span lang=\"DE\">Escursione aziendale a 3500 m di altitudine &#8211; la montagna pi\u00f9 alta della Val Pusteria.<\/span><\/strong><\/p>\n<\/div><\/section><\/div><\/div><\/div><\/div><!-- close content main div --><\/div><\/div><div id='full_slider_1'  class='avia-fullwidth-slider main_color avia-shadow   avia-builder-el-3  el_after_av_three_fifth  el_before_av_one_third   slider-not-first container_wrap sidebar_right'  ><div  class='avia-slideshow av-l09t30uu-1140c8273a4b2f4869564af339a816bf avia-slideshow-featured_large av_slideshow_full avia-slide-slider av-slideshow-ui av-control-minimal av-control-minimal-dark av-slideshow-manual av-loop-once av-loop-manual-endless av-default-height-applied   avia-slideshow-1' data-slideshow-options=\"{&quot;animation&quot;:&quot;slide&quot;,&quot;autoplay&quot;:false,&quot;loop_autoplay&quot;:&quot;once&quot;,&quot;interval&quot;:5,&quot;loop_manual&quot;:&quot;manual-endless&quot;,&quot;autoplay_stopper&quot;:false,&quot;noNavigation&quot;:false,&quot;bg_slider&quot;:false,&quot;keep_padding&quot;:false,&quot;hoverpause&quot;:false,&quot;show_slide_delay&quot;:0}\"  itemprop=\"image\" itemscope=\"itemscope\" itemtype=\"https:\/\/schema.org\/ImageObject\" ><ul class='avia-slideshow-inner ' style='padding-bottom: 42%;'><li  class='avia-slideshow-slide av-l09t30uu-1140c8273a4b2f4869564af339a816bf__0  av-single-slide slide-1 slide-odd'><div data-rel='slideshow-1' class='avia-slide-wrap '   ><img decoding=\"async\" class=\"wp-image-4479 avia-img-lazy-loading-not-4479\"  src=\"https:\/\/www.garten-winkler.it\/wp-content\/uploads\/2018\/02\/hochfeiler-1500x630.jpg\" width=\"1500\" height=\"630\" title='file alto' alt=''  itemprop=\"thumbnailUrl\" srcset=\"https:\/\/www.garten-winkler.it\/wp-content\/uploads\/2018\/02\/hochfeiler.jpg 1500w, https:\/\/www.garten-winkler.it\/wp-content\/uploads\/2018\/02\/hochfeiler-300x126.jpg 300w, https:\/\/www.garten-winkler.it\/wp-content\/uploads\/2018\/02\/hochfeiler-1030x433.jpg 1030w, https:\/\/www.garten-winkler.it\/wp-content\/uploads\/2018\/02\/hochfeiler-768x323.jpg 768w, https:\/\/www.garten-winkler.it\/wp-content\/uploads\/2018\/02\/hochfeiler-705x296.jpg 705w\" sizes=\"(max-width: 1500px) 100vw, 1500px\" \/><\/div><\/li><\/ul><\/div><\/div><div id='after_full_slider_1'  class='main_color av_default_container_wrap container_wrap sidebar_right'  ><div class='container av-section-cont-open' ><div class='template-page content  av-content-small alpha units'><div class='post-entry post-entry-type-page post-entry-4730'><div class='entry-content-wrapper clearfix'><\/p>\n<div class='flex_column av-7b7zyh-e518c61d56b4056ebf5daf51c11467ad av_one_third  avia-builder-el-4  el_after_av_slideshow_full  el_before_av_one_third  avia-builder-el-first  first flex_column_div '     ><style type=\"text\/css\" data-created_by=\"avia_inline_auto\" id=\"style-css-av-l09sx424-62b639e1cb579203bc1e8d4d2c32f8bc\">\n#top .av_textblock_section.av-l09sx424-62b639e1cb579203bc1e8d4d2c32f8bc .avia_textblock{\ncolor:#000000;\n}\n<\/style>\n<section  class='av_textblock_section av-l09sx424-62b639e1cb579203bc1e8d4d2c32f8bc'  itemscope=\"itemscope\" itemtype=\"https:\/\/schema.org\/BlogPosting\" itemprop=\"blogPost\" ><div class='avia_textblock av_inherit_color'  itemprop=\"text\" ><p>Escursione in compagnia dell&#8217;azienda Winkler Garten sulla montagna pi\u00f9 alta della Val Pusteria (quasi 3.500 m), l&#8217;Hochfeiler, dalla Val di Vizze. Con Fabian Winkler, Heinrich, Alex, G\u00fcnther, Manuel e Siegfried (da sinistra a destra)<\/p>\n<\/div><\/section><\/div><div class='flex_column av-67ctah-518676fbb69d4f08296132d88f3dca6b av_one_third  avia-builder-el-6  el_after_av_one_third  el_before_av_one_third  flex_column_div '     ><\/div><div class='flex_column av-3lnttl-fea1c5ce1d3f99ede335da5144e36fd6 av_one_third  avia-builder-el-7  el_after_av_one_third  el_before_av_gallery  flex_column_div '     ><section  class='av_textblock_section av-2rlnhl-97d075c07077ee75f0b5974244ce147c'  itemscope=\"itemscope\" itemtype=\"https:\/\/schema.org\/BlogPosting\" itemprop=\"blogPost\" ><div class='avia_textblock'  itemprop=\"text\" ><\/div><\/section><\/div><\/p>\n\n<style type=\"text\/css\" data-created_by=\"avia_inline_auto\" id=\"style-css-av-l09t2fid-07b3bb73e1e4fb0ce97d8cc3ed3f6782\">\n#top .avia-gallery.av-l09t2fid-07b3bb73e1e4fb0ce97d8cc3ed3f6782 .avia-gallery-thumb a{\nwidth:20%;\n}\n<\/style>\n<div  class='avia-gallery av-l09t2fid-07b3bb73e1e4fb0ce97d8cc3ed3f6782 avia_animate_when_visible  avia-builder-el-9  el_after_av_one_third  avia-builder-el-last  animations_off avia-gallery-1'  itemprop=\"image\" itemscope=\"itemscope\" itemtype=\"https:\/\/schema.org\/ImageObject\" ><meta itemprop=\"contentURL\" content=\"https:\/\/www.garten-winkler.it\/it\/escursione-aziendale-allhochfeiler\/\"><div class='avia-gallery-thumb'><a href=\"https:\/\/www.garten-winkler.it\/wp-content\/uploads\/2018\/02\/IMG_2691.jpg\" data-srcset=\"https:\/\/www.garten-winkler.it\/wp-content\/uploads\/2018\/02\/IMG_2691.jpg 600w, https:\/\/www.garten-winkler.it\/wp-content\/uploads\/2018\/02\/IMG_2691-225x300.jpg 225w, https:\/\/www.garten-winkler.it\/wp-content\/uploads\/2018\/02\/IMG_2691-529x705.jpg 529w\" data-sizes=\"(max-width: 600px) 100vw, 600px\" data-rel='gallery-1' data-prev-img='https:\/\/www.garten-winkler.it\/wp-content\/uploads\/2018\/02\/IMG_2691-495x400.jpg' class='first_thumb lightbox ' data-onclick='1' title='IMG_2691'  itemprop=\"thumbnailUrl\"  ><img decoding=\"async\" class=\"wp-image-4466 avia-img-lazy-loading-not-4466\"   src=\"https:\/\/www.garten-winkler.it\/wp-content\/uploads\/2018\/02\/IMG_2691-495x400.jpg\" width=\"495\" height=\"400\"  title='IMG_2691' alt='' \/><div class='big-prev-fake'><img decoding=\"async\" class=\"wp-image-4466 avia-img-lazy-loading-4466\"  width=\"495\" height=\"400\" src=\"https:\/\/www.garten-winkler.it\/wp-content\/uploads\/2018\/02\/IMG_2691-495x400.jpg\" title='IMG_2691' alt='' \/><\/div><\/a><a href=\"https:\/\/www.garten-winkler.it\/wp-content\/uploads\/2018\/02\/IMG_2694.jpg\" data-srcset=\"https:\/\/www.garten-winkler.it\/wp-content\/uploads\/2018\/02\/IMG_2694.jpg 800w, https:\/\/www.garten-winkler.it\/wp-content\/uploads\/2018\/02\/IMG_2694-300x225.jpg 300w, https:\/\/www.garten-winkler.it\/wp-content\/uploads\/2018\/02\/IMG_2694-768x576.jpg 768w, https:\/\/www.garten-winkler.it\/wp-content\/uploads\/2018\/02\/IMG_2694-705x529.jpg 705w\" data-sizes=\"(max-width: 800px) 100vw, 800px\" data-rel='gallery-1' data-prev-img='https:\/\/www.garten-winkler.it\/wp-content\/uploads\/2018\/02\/IMG_2694-495x400.jpg' class='lightbox ' data-onclick='2' title='IMG_2694'  itemprop=\"thumbnailUrl\"  ><img decoding=\"async\" class=\"wp-image-4467 avia-img-lazy-loading-not-4467\"   src=\"https:\/\/www.garten-winkler.it\/wp-content\/uploads\/2018\/02\/IMG_2694-495x400.jpg\" width=\"495\" height=\"400\"  title='IMG_2694' alt='' \/><div class='big-prev-fake'><img decoding=\"async\" class=\"wp-image-4467 avia-img-lazy-loading-4467\"  width=\"495\" height=\"400\" src=\"https:\/\/www.garten-winkler.it\/wp-content\/uploads\/2018\/02\/IMG_2694-495x400.jpg\" title='IMG_2694' alt='' \/><\/div><\/a><a href=\"https:\/\/www.garten-winkler.it\/wp-content\/uploads\/2018\/02\/IMG_2695.jpg\" data-srcset=\"https:\/\/www.garten-winkler.it\/wp-content\/uploads\/2018\/02\/IMG_2695.jpg 600w, https:\/\/www.garten-winkler.it\/wp-content\/uploads\/2018\/02\/IMG_2695-225x300.jpg 225w, https:\/\/www.garten-winkler.it\/wp-content\/uploads\/2018\/02\/IMG_2695-529x705.jpg 529w\" data-sizes=\"(max-width: 600px) 100vw, 600px\" data-rel='gallery-1' data-prev-img='https:\/\/www.garten-winkler.it\/wp-content\/uploads\/2018\/02\/IMG_2695-495x400.jpg' class='lightbox ' data-onclick='3' title='IMG_2695'  itemprop=\"thumbnailUrl\"  ><img decoding=\"async\" class=\"wp-image-4468 avia-img-lazy-loading-not-4468\"   src=\"https:\/\/www.garten-winkler.it\/wp-content\/uploads\/2018\/02\/IMG_2695-495x400.jpg\" width=\"495\" height=\"400\"  title='IMG_2695' alt='' \/><div class='big-prev-fake'><img decoding=\"async\" class=\"wp-image-4468 avia-img-lazy-loading-4468\"  width=\"495\" height=\"400\" src=\"https:\/\/www.garten-winkler.it\/wp-content\/uploads\/2018\/02\/IMG_2695-495x400.jpg\" title='IMG_2695' alt='' \/><\/div><\/a><a href=\"https:\/\/www.garten-winkler.it\/wp-content\/uploads\/2018\/02\/IMG_2700.jpg\" data-srcset=\"https:\/\/www.garten-winkler.it\/wp-content\/uploads\/2018\/02\/IMG_2700.jpg 600w, https:\/\/www.garten-winkler.it\/wp-content\/uploads\/2018\/02\/IMG_2700-225x300.jpg 225w, https:\/\/www.garten-winkler.it\/wp-content\/uploads\/2018\/02\/IMG_2700-529x705.jpg 529w\" data-sizes=\"(max-width: 600px) 100vw, 600px\" data-rel='gallery-1' data-prev-img='https:\/\/www.garten-winkler.it\/wp-content\/uploads\/2018\/02\/IMG_2700-495x400.jpg' class='lightbox ' data-onclick='4' title='IMG_2700'  itemprop=\"thumbnailUrl\"  ><img decoding=\"async\" class=\"wp-image-4469 avia-img-lazy-loading-not-4469\"   src=\"https:\/\/www.garten-winkler.it\/wp-content\/uploads\/2018\/02\/IMG_2700-495x400.jpg\" width=\"495\" height=\"400\"  title='IMG_2700' alt='' \/><div class='big-prev-fake'><img decoding=\"async\" class=\"wp-image-4469 avia-img-lazy-loading-4469\"  width=\"495\" height=\"400\" src=\"https:\/\/www.garten-winkler.it\/wp-content\/uploads\/2018\/02\/IMG_2700-495x400.jpg\" title='IMG_2700' alt='' \/><\/div><\/a><a href=\"https:\/\/www.garten-winkler.it\/wp-content\/uploads\/2018\/02\/IMG_2702.jpg\" data-srcset=\"https:\/\/www.garten-winkler.it\/wp-content\/uploads\/2018\/02\/IMG_2702.jpg 600w, https:\/\/www.garten-winkler.it\/wp-content\/uploads\/2018\/02\/IMG_2702-225x300.jpg 225w, https:\/\/www.garten-winkler.it\/wp-content\/uploads\/2018\/02\/IMG_2702-529x705.jpg 529w\" data-sizes=\"(max-width: 600px) 100vw, 600px\" data-rel='gallery-1' data-prev-img='https:\/\/www.garten-winkler.it\/wp-content\/uploads\/2018\/02\/IMG_2702-495x400.jpg' class='lightbox ' data-onclick='5' title='IMG_2702'  itemprop=\"thumbnailUrl\"  ><img decoding=\"async\" class=\"wp-image-4470 avia-img-lazy-loading-not-4470\"   src=\"https:\/\/www.garten-winkler.it\/wp-content\/uploads\/2018\/02\/IMG_2702-495x400.jpg\" width=\"495\" height=\"400\"  title='IMG_2702' alt='' \/><div class='big-prev-fake'><img decoding=\"async\" class=\"wp-image-4470 avia-img-lazy-loading-4470\"  width=\"495\" height=\"400\" src=\"https:\/\/www.garten-winkler.it\/wp-content\/uploads\/2018\/02\/IMG_2702-495x400.jpg\" title='IMG_2702' alt='' \/><\/div><\/a><a href=\"https:\/\/www.garten-winkler.it\/wp-content\/uploads\/2018\/02\/IMG_2705.jpg\" data-srcset=\"https:\/\/www.garten-winkler.it\/wp-content\/uploads\/2018\/02\/IMG_2705.jpg 800w, https:\/\/www.garten-winkler.it\/wp-content\/uploads\/2018\/02\/IMG_2705-300x225.jpg 300w, https:\/\/www.garten-winkler.it\/wp-content\/uploads\/2018\/02\/IMG_2705-768x576.jpg 768w, https:\/\/www.garten-winkler.it\/wp-content\/uploads\/2018\/02\/IMG_2705-705x529.jpg 705w\" data-sizes=\"(max-width: 800px) 100vw, 800px\" data-rel='gallery-1' data-prev-img='https:\/\/www.garten-winkler.it\/wp-content\/uploads\/2018\/02\/IMG_2705-495x400.jpg' class='first_thumb lightbox ' data-onclick='6' title='IMG_2705'  itemprop=\"thumbnailUrl\"  ><img decoding=\"async\" class=\"wp-image-4471 avia-img-lazy-loading-not-4471\"   src=\"https:\/\/www.garten-winkler.it\/wp-content\/uploads\/2018\/02\/IMG_2705-495x400.jpg\" width=\"495\" height=\"400\"  title='IMG_2705' alt='' \/><div class='big-prev-fake'><img decoding=\"async\" class=\"wp-image-4471 avia-img-lazy-loading-4471\"  width=\"495\" height=\"400\" src=\"https:\/\/www.garten-winkler.it\/wp-content\/uploads\/2018\/02\/IMG_2705-495x400.jpg\" title='IMG_2705' alt='' \/><\/div><\/a><a href=\"https:\/\/www.garten-winkler.it\/wp-content\/uploads\/2018\/02\/IMG_2711.jpg\" data-srcset=\"https:\/\/www.garten-winkler.it\/wp-content\/uploads\/2018\/02\/IMG_2711.jpg 800w, https:\/\/www.garten-winkler.it\/wp-content\/uploads\/2018\/02\/IMG_2711-300x225.jpg 300w, https:\/\/www.garten-winkler.it\/wp-content\/uploads\/2018\/02\/IMG_2711-768x576.jpg 768w, https:\/\/www.garten-winkler.it\/wp-content\/uploads\/2018\/02\/IMG_2711-705x529.jpg 705w\" data-sizes=\"(max-width: 800px) 100vw, 800px\" data-rel='gallery-1' data-prev-img='https:\/\/www.garten-winkler.it\/wp-content\/uploads\/2018\/02\/IMG_2711-495x400.jpg' class='lightbox ' data-onclick='7' title='IMG_2711'  itemprop=\"thumbnailUrl\"  ><img decoding=\"async\" class=\"wp-image-4472 avia-img-lazy-loading-not-4472\"   src=\"https:\/\/www.garten-winkler.it\/wp-content\/uploads\/2018\/02\/IMG_2711-495x400.jpg\" width=\"495\" height=\"400\"  title='IMG_2711' alt='' \/><div class='big-prev-fake'><img decoding=\"async\" class=\"wp-image-4472 avia-img-lazy-loading-4472\"  width=\"495\" height=\"400\" src=\"https:\/\/www.garten-winkler.it\/wp-content\/uploads\/2018\/02\/IMG_2711-495x400.jpg\" title='IMG_2711' alt='' \/><\/div><\/a><a href=\"https:\/\/www.garten-winkler.it\/wp-content\/uploads\/2018\/02\/IMG_2718.jpg\" data-srcset=\"https:\/\/www.garten-winkler.it\/wp-content\/uploads\/2018\/02\/IMG_2718.jpg 800w, https:\/\/www.garten-winkler.it\/wp-content\/uploads\/2018\/02\/IMG_2718-300x225.jpg 300w, https:\/\/www.garten-winkler.it\/wp-content\/uploads\/2018\/02\/IMG_2718-768x576.jpg 768w, https:\/\/www.garten-winkler.it\/wp-content\/uploads\/2018\/02\/IMG_2718-705x529.jpg 705w\" data-sizes=\"(max-width: 800px) 100vw, 800px\" data-rel='gallery-1' data-prev-img='https:\/\/www.garten-winkler.it\/wp-content\/uploads\/2018\/02\/IMG_2718-495x400.jpg' class='lightbox ' data-onclick='8' title='IMG_2718'  itemprop=\"thumbnailUrl\"  ><img decoding=\"async\" class=\"wp-image-4473 avia-img-lazy-loading-not-4473\"   src=\"https:\/\/www.garten-winkler.it\/wp-content\/uploads\/2018\/02\/IMG_2718-495x400.jpg\" width=\"495\" height=\"400\"  title='IMG_2718' alt='' \/><div class='big-prev-fake'><img decoding=\"async\" class=\"wp-image-4473 avia-img-lazy-loading-4473\"  width=\"495\" height=\"400\" src=\"https:\/\/www.garten-winkler.it\/wp-content\/uploads\/2018\/02\/IMG_2718-495x400.jpg\" title='IMG_2718' alt='' \/><\/div><\/a><a href=\"https:\/\/www.garten-winkler.it\/wp-content\/uploads\/2018\/02\/IMG_2722.jpg\" data-srcset=\"https:\/\/www.garten-winkler.it\/wp-content\/uploads\/2018\/02\/IMG_2722.jpg 800w, https:\/\/www.garten-winkler.it\/wp-content\/uploads\/2018\/02\/IMG_2722-300x225.jpg 300w, https:\/\/www.garten-winkler.it\/wp-content\/uploads\/2018\/02\/IMG_2722-768x576.jpg 768w, https:\/\/www.garten-winkler.it\/wp-content\/uploads\/2018\/02\/IMG_2722-705x529.jpg 705w\" data-sizes=\"(max-width: 800px) 100vw, 800px\" data-rel='gallery-1' data-prev-img='https:\/\/www.garten-winkler.it\/wp-content\/uploads\/2018\/02\/IMG_2722-495x400.jpg' class='lightbox ' data-onclick='9' title='IMG_2722'  itemprop=\"thumbnailUrl\"  ><img decoding=\"async\" class=\"wp-image-4474 avia-img-lazy-loading-not-4474\"   src=\"https:\/\/www.garten-winkler.it\/wp-content\/uploads\/2018\/02\/IMG_2722-495x400.jpg\" width=\"495\" height=\"400\"  title='IMG_2722' alt='' \/><div class='big-prev-fake'><img decoding=\"async\" class=\"wp-image-4474 avia-img-lazy-loading-4474\"  width=\"495\" height=\"400\" src=\"https:\/\/www.garten-winkler.it\/wp-content\/uploads\/2018\/02\/IMG_2722-495x400.jpg\" title='IMG_2722' alt='' \/><\/div><\/a><a href=\"https:\/\/www.garten-winkler.it\/wp-content\/uploads\/2018\/02\/IMG_2725.jpg\" data-srcset=\"https:\/\/www.garten-winkler.it\/wp-content\/uploads\/2018\/02\/IMG_2725.jpg 800w, https:\/\/www.garten-winkler.it\/wp-content\/uploads\/2018\/02\/IMG_2725-300x225.jpg 300w, https:\/\/www.garten-winkler.it\/wp-content\/uploads\/2018\/02\/IMG_2725-768x576.jpg 768w, https:\/\/www.garten-winkler.it\/wp-content\/uploads\/2018\/02\/IMG_2725-705x529.jpg 705w\" data-sizes=\"(max-width: 800px) 100vw, 800px\" data-rel='gallery-1' data-prev-img='https:\/\/www.garten-winkler.it\/wp-content\/uploads\/2018\/02\/IMG_2725-495x400.jpg' class='lightbox ' data-onclick='10' title='IMG_2725'  itemprop=\"thumbnailUrl\"  ><img decoding=\"async\" class=\"wp-image-4475 avia-img-lazy-loading-not-4475\"   src=\"https:\/\/www.garten-winkler.it\/wp-content\/uploads\/2018\/02\/IMG_2725-495x400.jpg\" width=\"495\" height=\"400\"  title='IMG_2725' alt='' \/><div class='big-prev-fake'><img decoding=\"async\" class=\"wp-image-4475 avia-img-lazy-loading-4475\"  width=\"495\" height=\"400\" src=\"https:\/\/www.garten-winkler.it\/wp-content\/uploads\/2018\/02\/IMG_2725-495x400.jpg\" title='IMG_2725' alt='' \/><\/div><\/a><a href=\"https:\/\/www.garten-winkler.it\/wp-content\/uploads\/2018\/02\/IMG_2741.jpg\" data-srcset=\"https:\/\/www.garten-winkler.it\/wp-content\/uploads\/2018\/02\/IMG_2741.jpg 800w, https:\/\/www.garten-winkler.it\/wp-content\/uploads\/2018\/02\/IMG_2741-300x225.jpg 300w, https:\/\/www.garten-winkler.it\/wp-content\/uploads\/2018\/02\/IMG_2741-768x576.jpg 768w, https:\/\/www.garten-winkler.it\/wp-content\/uploads\/2018\/02\/IMG_2741-705x529.jpg 705w\" data-sizes=\"(max-width: 800px) 100vw, 800px\" data-rel='gallery-1' data-prev-img='https:\/\/www.garten-winkler.it\/wp-content\/uploads\/2018\/02\/IMG_2741-495x400.jpg' class='first_thumb lightbox ' data-onclick='11' title='IMG_2741'  itemprop=\"thumbnailUrl\"  ><img decoding=\"async\" class=\"wp-image-4476 avia-img-lazy-loading-not-4476\"   src=\"https:\/\/www.garten-winkler.it\/wp-content\/uploads\/2018\/02\/IMG_2741-495x400.jpg\" width=\"495\" height=\"400\"  title='IMG_2741' alt='' \/><div class='big-prev-fake'><img decoding=\"async\" class=\"wp-image-4476 avia-img-lazy-loading-4476\"  width=\"495\" height=\"400\" src=\"https:\/\/www.garten-winkler.it\/wp-content\/uploads\/2018\/02\/IMG_2741-495x400.jpg\" title='IMG_2741' alt='' \/><\/div><\/a><a href=\"https:\/\/www.garten-winkler.it\/wp-content\/uploads\/2018\/02\/IMG_2742.jpg\" data-srcset=\"https:\/\/www.garten-winkler.it\/wp-content\/uploads\/2018\/02\/IMG_2742.jpg 800w, https:\/\/www.garten-winkler.it\/wp-content\/uploads\/2018\/02\/IMG_2742-300x225.jpg 300w, https:\/\/www.garten-winkler.it\/wp-content\/uploads\/2018\/02\/IMG_2742-768x576.jpg 768w, https:\/\/www.garten-winkler.it\/wp-content\/uploads\/2018\/02\/IMG_2742-705x529.jpg 705w\" data-sizes=\"(max-width: 800px) 100vw, 800px\" data-rel='gallery-1' data-prev-img='https:\/\/www.garten-winkler.it\/wp-content\/uploads\/2018\/02\/IMG_2742-495x400.jpg' class='lightbox ' data-onclick='12' title='IMG_2742'  itemprop=\"thumbnailUrl\"  ><img decoding=\"async\" class=\"wp-image-4477 avia-img-lazy-loading-not-4477\"   src=\"https:\/\/www.garten-winkler.it\/wp-content\/uploads\/2018\/02\/IMG_2742-495x400.jpg\" width=\"495\" height=\"400\"  title='IMG_2742' alt='' \/><div class='big-prev-fake'><img decoding=\"async\" class=\"wp-image-4477 avia-img-lazy-loading-4477\"  width=\"495\" height=\"400\" src=\"https:\/\/www.garten-winkler.it\/wp-content\/uploads\/2018\/02\/IMG_2742-495x400.jpg\" title='IMG_2742' alt='' \/><\/div><\/a><a href=\"https:\/\/www.garten-winkler.it\/wp-content\/uploads\/2018\/02\/titl.jpg\" data-srcset=\"https:\/\/www.garten-winkler.it\/wp-content\/uploads\/2018\/02\/titl.jpg 930w, https:\/\/www.garten-winkler.it\/wp-content\/uploads\/2018\/02\/titl-300x150.jpg 300w, https:\/\/www.garten-winkler.it\/wp-content\/uploads\/2018\/02\/titl-768x384.jpg 768w, https:\/\/www.garten-winkler.it\/wp-content\/uploads\/2018\/02\/titl-705x353.jpg 705w\" data-sizes=\"(max-width: 930px) 100vw, 930px\" data-rel='gallery-1' data-prev-img='https:\/\/www.garten-winkler.it\/wp-content\/uploads\/2018\/02\/titl-495x400.jpg' class='lightbox ' data-onclick='13' title='intitolato'  itemprop=\"thumbnailUrl\"  ><img decoding=\"async\" class=\"wp-image-4478 avia-img-lazy-loading-not-4478\"   src=\"https:\/\/www.garten-winkler.it\/wp-content\/uploads\/2018\/02\/titl-495x400.jpg\" width=\"495\" height=\"400\"  title='intitolato' alt='' \/><div class='big-prev-fake'><img decoding=\"async\" class=\"wp-image-4478 avia-img-lazy-loading-4478\"  width=\"495\" height=\"400\" src=\"https:\/\/www.garten-winkler.it\/wp-content\/uploads\/2018\/02\/titl-495x400.jpg\" title='intitolato' alt='' \/><\/div><\/a><\/div><\/div>\n","protected":false},"excerpt":{"rendered":"<p>Escursione aziendale 2017 all&#8217;Hochfeiler<\/p>\n","protected":false},"author":2,"featured_media":4479,"comment_status":"closed","ping_status":"closed","sticky":false,"template":"","format":"standard","meta":{"footnotes":""},"categories":[46],"tags":[],"yoast_head":"<!-- This site is optimized with the Yoast SEO plugin v23.4 - https:\/\/yoast.com\/wordpress\/plugins\/seo\/ -->\n<title>Escursione aziendale all&#039;Hochfeiler - Garten Winkler, Au\u00dfengestaltung, Rasen, Pflanzarbeiten, Teichbau, Dachbegr\u00fcnung<\/title>\n<meta name=\"robots\" content=\"index, follow, max-snippet:-1, max-image-preview:large, max-video-preview:-1\" \/>\n<link rel=\"canonical\" href=\"https:\/\/www.garten-winkler.it\/it\/escursione-aziendale-allhochfeiler\/\" \/>\n<meta property=\"og:locale\" content=\"it_IT\" \/>\n<meta property=\"og:type\" content=\"article\" \/>\n<meta property=\"og:title\" content=\"Escursione aziendale all&#039;Hochfeiler - Garten Winkler, Au\u00dfengestaltung, Rasen, Pflanzarbeiten, Teichbau, Dachbegr\u00fcnung\" \/>\n<meta property=\"og:description\" content=\"Escursione aziendale 2017 all&#039;Hochfeiler\" \/>\n<meta property=\"og:url\" content=\"https:\/\/www.garten-winkler.it\/it\/escursione-aziendale-allhochfeiler\/\" \/>\n<meta property=\"og:site_name\" content=\"Garten Winkler, Au\u00dfengestaltung, Rasen, Pflanzarbeiten, Teichbau, Dachbegr\u00fcnung\" \/>\n<meta property=\"article:published_time\" content=\"2022-04-01T07:09:05+00:00\" \/>\n<meta property=\"article:modified_time\" content=\"2022-04-01T07:09:07+00:00\" \/>\n<meta property=\"og:image\" content=\"https:\/\/www.garten-winkler.it\/wp-content\/uploads\/2018\/02\/hochfeiler.jpg\" \/>\n\t<meta property=\"og:image:width\" content=\"1500\" \/>\n\t<meta property=\"og:image:height\" content=\"630\" \/>\n\t<meta property=\"og:image:type\" content=\"image\/jpeg\" \/>\n<meta name=\"author\" content=\"Fabian Winkler\" \/>\n<meta name=\"twitter:card\" content=\"summary_large_image\" \/>\n<meta name=\"twitter:label1\" content=\"Scritto da\" \/>\n\t<meta name=\"twitter:data1\" content=\"Fabian Winkler\" \/>\n\t<meta name=\"twitter:label2\" content=\"Tempo di lettura stimato\" \/>\n\t<meta name=\"twitter:data2\" content=\"8 minuti\" \/>\n<script type=\"application\/ld+json\" class=\"yoast-schema-graph\">{\"@context\":\"https:\/\/schema.org\",\"@graph\":[{\"@type\":\"WebPage\",\"@id\":\"https:\/\/www.garten-winkler.it\/it\/escursione-aziendale-allhochfeiler\/\",\"url\":\"https:\/\/www.garten-winkler.it\/it\/escursione-aziendale-allhochfeiler\/\",\"name\":\"Escursione aziendale all'Hochfeiler - Garten Winkler, Au\u00dfengestaltung, Rasen, Pflanzarbeiten, Teichbau, Dachbegr\u00fcnung\",\"isPartOf\":{\"@id\":\"https:\/\/www.garten-winkler.it\/it\/#website\"},\"primaryImageOfPage\":{\"@id\":\"https:\/\/www.garten-winkler.it\/it\/escursione-aziendale-allhochfeiler\/#primaryimage\"},\"image\":{\"@id\":\"https:\/\/www.garten-winkler.it\/it\/escursione-aziendale-allhochfeiler\/#primaryimage\"},\"thumbnailUrl\":\"https:\/\/www.garten-winkler.it\/wp-content\/uploads\/2018\/02\/hochfeiler.jpg\",\"datePublished\":\"2022-04-01T07:09:05+00:00\",\"dateModified\":\"2022-04-01T07:09:07+00:00\",\"author\":{\"@id\":\"https:\/\/www.garten-winkler.it\/it\/#\/schema\/person\/b9754aa5acc4a4d15c0ae8bfb88d4771\"},\"breadcrumb\":{\"@id\":\"https:\/\/www.garten-winkler.it\/it\/escursione-aziendale-allhochfeiler\/#breadcrumb\"},\"inLanguage\":\"it-IT\",\"potentialAction\":[{\"@type\":\"ReadAction\",\"target\":[\"https:\/\/www.garten-winkler.it\/it\/escursione-aziendale-allhochfeiler\/\"]}]},{\"@type\":\"ImageObject\",\"inLanguage\":\"it-IT\",\"@id\":\"https:\/\/www.garten-winkler.it\/it\/escursione-aziendale-allhochfeiler\/#primaryimage\",\"url\":\"https:\/\/www.garten-winkler.it\/wp-content\/uploads\/2018\/02\/hochfeiler.jpg\",\"contentUrl\":\"https:\/\/www.garten-winkler.it\/wp-content\/uploads\/2018\/02\/hochfeiler.jpg\",\"width\":1500,\"height\":630},{\"@type\":\"BreadcrumbList\",\"@id\":\"https:\/\/www.garten-winkler.it\/it\/escursione-aziendale-allhochfeiler\/#breadcrumb\",\"itemListElement\":[{\"@type\":\"ListItem\",\"position\":1,\"name\":\"Home\",\"item\":\"https:\/\/www.garten-winkler.it\/it\/home\/\"},{\"@type\":\"ListItem\",\"position\":2,\"name\":\"Escursione aziendale all&#8217;Hochfeiler\"}]},{\"@type\":\"WebSite\",\"@id\":\"https:\/\/www.garten-winkler.it\/it\/#website\",\"url\":\"https:\/\/www.garten-winkler.it\/it\/\",\"name\":\"Garten Winkler, Au\u00dfengestaltung, Rasen, Pflanzarbeiten, Teichbau, Dachbegr\u00fcnung\",\"description\":\"Es gr\u00fcnt so gr\u00fcn, wenn Winklers G\u00e4rten bl\u00fchn\",\"potentialAction\":[{\"@type\":\"SearchAction\",\"target\":{\"@type\":\"EntryPoint\",\"urlTemplate\":\"https:\/\/www.garten-winkler.it\/it\/?s={search_term_string}\"},\"query-input\":{\"@type\":\"PropertyValueSpecification\",\"valueRequired\":true,\"valueName\":\"search_term_string\"}}],\"inLanguage\":\"it-IT\"},{\"@type\":\"Person\",\"@id\":\"https:\/\/www.garten-winkler.it\/it\/#\/schema\/person\/b9754aa5acc4a4d15c0ae8bfb88d4771\",\"name\":\"Fabian Winkler\",\"image\":{\"@type\":\"ImageObject\",\"inLanguage\":\"it-IT\",\"@id\":\"https:\/\/www.garten-winkler.it\/it\/#\/schema\/person\/image\/\",\"url\":\"https:\/\/secure.gravatar.com\/avatar\/89cf82cedad6f6c93fcb3696d52c95bb?s=96&d=mm&r=g\",\"contentUrl\":\"https:\/\/secure.gravatar.com\/avatar\/89cf82cedad6f6c93fcb3696d52c95bb?s=96&d=mm&r=g\",\"caption\":\"Fabian Winkler\"},\"url\":\"https:\/\/www.garten-winkler.it\/it\/author\/fabianwinkler\/\"}]}<\/script>\n<!-- \/ Yoast SEO plugin. -->","yoast_head_json":{"title":"Escursione aziendale all'Hochfeiler - Garten Winkler, Au\u00dfengestaltung, Rasen, Pflanzarbeiten, Teichbau, Dachbegr\u00fcnung","robots":{"index":"index","follow":"follow","max-snippet":"max-snippet:-1","max-image-preview":"max-image-preview:large","max-video-preview":"max-video-preview:-1"},"canonical":"https:\/\/www.garten-winkler.it\/it\/escursione-aziendale-allhochfeiler\/","og_locale":"it_IT","og_type":"article","og_title":"Escursione aziendale all'Hochfeiler - Garten Winkler, Au\u00dfengestaltung, Rasen, Pflanzarbeiten, Teichbau, Dachbegr\u00fcnung","og_description":"Escursione aziendale 2017 all'Hochfeiler","og_url":"https:\/\/www.garten-winkler.it\/it\/escursione-aziendale-allhochfeiler\/","og_site_name":"Garten Winkler, Au\u00dfengestaltung, Rasen, Pflanzarbeiten, Teichbau, Dachbegr\u00fcnung","article_published_time":"2022-04-01T07:09:05+00:00","article_modified_time":"2022-04-01T07:09:07+00:00","og_image":[{"width":1500,"height":630,"url":"https:\/\/www.garten-winkler.it\/wp-content\/uploads\/2018\/02\/hochfeiler.jpg","type":"image\/jpeg"}],"author":"Fabian Winkler","twitter_card":"summary_large_image","twitter_misc":{"Scritto da":"Fabian Winkler","Tempo di lettura stimato":"8 minuti"},"schema":{"@context":"https:\/\/schema.org","@graph":[{"@type":"WebPage","@id":"https:\/\/www.garten-winkler.it\/it\/escursione-aziendale-allhochfeiler\/","url":"https:\/\/www.garten-winkler.it\/it\/escursione-aziendale-allhochfeiler\/","name":"Escursione aziendale all'Hochfeiler - Garten Winkler, Au\u00dfengestaltung, Rasen, Pflanzarbeiten, Teichbau, Dachbegr\u00fcnung","isPartOf":{"@id":"https:\/\/www.garten-winkler.it\/it\/#website"},"primaryImageOfPage":{"@id":"https:\/\/www.garten-winkler.it\/it\/escursione-aziendale-allhochfeiler\/#primaryimage"},"image":{"@id":"https:\/\/www.garten-winkler.it\/it\/escursione-aziendale-allhochfeiler\/#primaryimage"},"thumbnailUrl":"https:\/\/www.garten-winkler.it\/wp-content\/uploads\/2018\/02\/hochfeiler.jpg","datePublished":"2022-04-01T07:09:05+00:00","dateModified":"2022-04-01T07:09:07+00:00","author":{"@id":"https:\/\/www.garten-winkler.it\/it\/#\/schema\/person\/b9754aa5acc4a4d15c0ae8bfb88d4771"},"breadcrumb":{"@id":"https:\/\/www.garten-winkler.it\/it\/escursione-aziendale-allhochfeiler\/#breadcrumb"},"inLanguage":"it-IT","potentialAction":[{"@type":"ReadAction","target":["https:\/\/www.garten-winkler.it\/it\/escursione-aziendale-allhochfeiler\/"]}]},{"@type":"ImageObject","inLanguage":"it-IT","@id":"https:\/\/www.garten-winkler.it\/it\/escursione-aziendale-allhochfeiler\/#primaryimage","url":"https:\/\/www.garten-winkler.it\/wp-content\/uploads\/2018\/02\/hochfeiler.jpg","contentUrl":"https:\/\/www.garten-winkler.it\/wp-content\/uploads\/2018\/02\/hochfeiler.jpg","width":1500,"height":630},{"@type":"BreadcrumbList","@id":"https:\/\/www.garten-winkler.it\/it\/escursione-aziendale-allhochfeiler\/#breadcrumb","itemListElement":[{"@type":"ListItem","position":1,"name":"Home","item":"https:\/\/www.garten-winkler.it\/it\/home\/"},{"@type":"ListItem","position":2,"name":"Escursione aziendale all&#8217;Hochfeiler"}]},{"@type":"WebSite","@id":"https:\/\/www.garten-winkler.it\/it\/#website","url":"https:\/\/www.garten-winkler.it\/it\/","name":"Garten Winkler, Au\u00dfengestaltung, Rasen, Pflanzarbeiten, Teichbau, Dachbegr\u00fcnung","description":"Es gr\u00fcnt so gr\u00fcn, wenn Winklers G\u00e4rten bl\u00fchn","potentialAction":[{"@type":"SearchAction","target":{"@type":"EntryPoint","urlTemplate":"https:\/\/www.garten-winkler.it\/it\/?s={search_term_string}"},"query-input":{"@type":"PropertyValueSpecification","valueRequired":true,"valueName":"search_term_string"}}],"inLanguage":"it-IT"},{"@type":"Person","@id":"https:\/\/www.garten-winkler.it\/it\/#\/schema\/person\/b9754aa5acc4a4d15c0ae8bfb88d4771","name":"Fabian Winkler","image":{"@type":"ImageObject","inLanguage":"it-IT","@id":"https:\/\/www.garten-winkler.it\/it\/#\/schema\/person\/image\/","url":"https:\/\/secure.gravatar.com\/avatar\/89cf82cedad6f6c93fcb3696d52c95bb?s=96&d=mm&r=g","contentUrl":"https:\/\/secure.gravatar.com\/avatar\/89cf82cedad6f6c93fcb3696d52c95bb?s=96&d=mm&r=g","caption":"Fabian Winkler"},"url":"https:\/\/www.garten-winkler.it\/it\/author\/fabianwinkler\/"}]}},"_links":{"self":[{"href":"https:\/\/www.garten-winkler.it\/it\/wp-json\/wp\/v2\/posts\/4730"}],"collection":[{"href":"https:\/\/www.garten-winkler.it\/it\/wp-json\/wp\/v2\/posts"}],"about":[{"href":"https:\/\/www.garten-winkler.it\/it\/wp-json\/wp\/v2\/types\/post"}],"author":[{"embeddable":true,"href":"https:\/\/www.garten-winkler.it\/it\/wp-json\/wp\/v2\/users\/2"}],"replies":[{"embeddable":true,"href":"https:\/\/www.garten-winkler.it\/it\/wp-json\/wp\/v2\/comments?post=4730"}],"version-history":[{"count":0,"href":"https:\/\/www.garten-winkler.it\/it\/wp-json\/wp\/v2\/posts\/4730\/revisions"}],"wp:featuredmedia":[{"embeddable":true,"href":"https:\/\/www.garten-winkler.it\/it\/wp-json\/wp\/v2\/media\/4479"}],"wp:attachment":[{"href":"https:\/\/www.garten-winkler.it\/it\/wp-json\/wp\/v2\/media?parent=4730"}],"wp:term":[{"taxonomy":"category","embeddable":true,"href":"https:\/\/www.garten-winkler.it\/it\/wp-json\/wp\/v2\/categories?post=4730"},{"taxonomy":"post_tag","embeddable":true,"href":"https:\/\/www.garten-winkler.it\/it\/wp-json\/wp\/v2\/tags?post=4730"}],"curies":[{"name":"wp","href":"https:\/\/api.w.org\/{rel}","templated":true}]}}